{"id":4923,"date":"2019-09-27T12:16:28","date_gmt":"2019-09-27T10:16:28","guid":{"rendered":"https:\/\/www.blipvert.es\/?p=4923"},"modified":"2020-01-23T18:08:44","modified_gmt":"2020-01-23T16:08:44","slug":"avui-divendres-alcem-la-veu-contra-el-canvi-climatic-des-de-la-cala-daiguabalava-begur-costa-brava","status":"publish","type":"post","link":"https:\/\/www.blipvert.es\/es\/avui-divendres-alcem-la-veu-contra-el-canvi-climatic-des-de-la-cala-daiguabalava-begur-costa-brava\/","title":{"rendered":"AVUI DIVENDRES,  ALCEM LA VEU CONTRA EL CANVI CLIM\u00c0TIC DES DE LA CALA D&#8217;AIGUABALAVA (BEGUR, COSTA BRAVA)"},"content":{"rendered":"<p><img class=\"alignnone wp-image-4924 size-full\" src=\"https:\/\/www.blipvert.es\/wp-content\/uploads\/20190924_211216.jpg\" alt=\"\" width=\"2506\" height=\"1410\" srcset=\"https:\/\/www.blipvert.es\/wp-content\/uploads\/20190924_211216.jpg 2506w, https:\/\/www.blipvert.es\/wp-content\/uploads\/20190924_211216-150x84.jpg 150w, https:\/\/www.blipvert.es\/wp-content\/uploads\/20190924_211216-300x169.jpg 300w, https:\/\/www.blipvert.es\/wp-content\/uploads\/20190924_211216-768x432.jpg 768w, https:\/\/www.blipvert.es\/wp-content\/uploads\/20190924_211216-1280x720.jpg 1280w\" sizes=\"(max-width: 2506px) 100vw, 2506px\" \/><\/p>\n<p>Avui ens sumem a la crida de Greta Thumberg, la noia sueca de 16 anys que impulsa els Fridays for Future. El moviment de nens i nenes de tot el planeta en lluita contra el canvi clim\u00e0tic inspira cada dia a m\u00e9s gent, i REDUIR, REUTILITZAR, I RECICLAR (com a \u00faltima opci\u00f3), \u00e9s la millor manera de donar suport.<\/p>\n<p>Impulsar els Objectius de Desenvolupament Sostenibles (ODS) a trav\u00e9s del RECICLATGE directe d&#8217; alumini, \u00e9s un dels compromisos mediambientals de Blipvert Recologics i Estrella Damm,\u00a0com ho demostren els milions de llaunes reciclades a les compactadores.<br \/>\nMilions de gr\u00e0cies!\u00a0Entre tots, \u00e9s possible!<\/p>\n<p>Segueix la not\u00edcia al nostre BLOG:<\/p>\n<blockquote class=\"wp-embedded-content\" data-secret=\"OVQhZKlyZJ\"><p><a href=\"https:\/\/www.blipvert.es\/articles\/en-la-cumbre-de-accion-del-clima-de-la-onu\/\">A la Cimera d\u2019Acci\u00f3 del Clima de l\u2019ONU<\/a><\/p><\/blockquote>\n<p><iframe class=\"wp-embedded-content\" sandbox=\"allow-scripts\" security=\"restricted\" style=\"position: absolute; clip: rect(1px, 1px, 1px, 1px);\" src=\"https:\/\/www.blipvert.es\/articles\/en-la-cumbre-de-accion-del-clima-de-la-onu\/embed\/#?secret=OVQhZKlyZJ\" data-secret=\"OVQhZKlyZJ\" width=\"500\" height=\"282\" title=\"&#8220;A la Cimera d\u2019Acci\u00f3 del Clima de l\u2019ONU&#8221; &#8212; Blipvert Recologics\" frameborder=\"0\" marginwidth=\"0\" marginheight=\"0\" scrolling=\"no\"><\/iframe><\/p>\n<p>&nbsp;<\/p>\n","protected":false},"excerpt":{"rendered":"<p>Avui ens sumem a la crida de Greta Thumberg, la noia sueca de 16 anys que impulsa els Fridays for Future. El moviment de nens i nenes de tot el planeta en lluita contra el [&hellip;]<\/p>\n","protected":false},"author":3,"featured_media":4927,"comment_status":"closed","ping_status":"closed","sticky":false,"template":"","format":"standard","meta":[],"categories":[31],"tags":[],"_links":{"self":[{"href":"https:\/\/www.blipvert.es\/es\/wp-json\/wp\/v2\/posts\/4923"}],"collection":[{"href":"https:\/\/www.blipvert.es\/es\/wp-json\/wp\/v2\/posts"}],"about":[{"href":"https:\/\/www.blipvert.es\/es\/wp-json\/wp\/v2\/types\/post"}],"author":[{"embeddable":true,"href":"https:\/\/www.blipvert.es\/es\/wp-json\/wp\/v2\/users\/3"}],"replies":[{"embeddable":true,"href":"https:\/\/www.blipvert.es\/es\/wp-json\/wp\/v2\/comments?post=4923"}],"version-history":[{"count":4,"href":"https:\/\/www.blipvert.es\/es\/wp-json\/wp\/v2\/posts\/4923\/revisions"}],"predecessor-version":[{"id":4942,"href":"https:\/\/www.blipvert.es\/es\/wp-json\/wp\/v2\/posts\/4923\/revisions\/4942"}],"wp:featuredmedia":[{"embeddable":true,"href":"https:\/\/www.blipvert.es\/es\/wp-json\/wp\/v2\/media\/4927"}],"wp:attachment":[{"href":"https:\/\/www.blipvert.es\/es\/wp-json\/wp\/v2\/media?parent=4923"}],"wp:term":[{"taxonomy":"category","embeddable":true,"href":"https:\/\/www.blipvert.es\/es\/wp-json\/wp\/v2\/categories?post=4923"},{"taxonomy":"post_tag","embeddable":true,"href":"https:\/\/www.blipvert.es\/es\/wp-json\/wp\/v2\/tags?post=4923"}],"curies":[{"name":"wp","href":"https:\/\/api.w.org\/{rel}","templated":true}]}}