{"id":548,"date":"2008-03-23T21:00:06","date_gmt":"2008-03-23T19:00:06","guid":{"rendered":"https:\/\/www.blipvert.es\/?p=548"},"modified":"2020-01-23T18:39:16","modified_gmt":"2020-01-23T16:39:16","slug":"el-nuevo-contenedor-clasificador-urbano-aterriza-en-sevilla","status":"publish","type":"post","link":"https:\/\/www.blipvert.es\/es\/el-nuevo-contenedor-clasificador-urbano-aterriza-en-sevilla\/","title":{"rendered":"EL NUEVO CONTENEDOR CLASIFICADOR URBANO ATERRIZA EN LEBRIJA (SEVILLA)"},"content":{"rendered":"<div class=\"page\" title=\"Page 1\">\n<div class=\"section\">\n<div class=\"layoutArea\">\n<div class=\"column\">\n<p>Reciclaje<\/p>\n<p>Nuevos contenedores<\/p>\n<p>Varias localidades de la provincia instalar\u00e1n en breve en la v\u00eda p\u00fablica un nuevo modelo de contenedor, el \u00abContenedor Clasificador Urbano\u00bb, destinado a la recogida selectiva de peque- \u00f1os residuos s\u00f3lidos de uso dom\u00e9stico, como CDs, tel\u00e9fo- nos y cargadores m\u00f3viles, cartuchos de impresi\u00f3n, bombillas, disquetes, cintas de cassette y tapones de corcho. Osuna y Lebrija han sido las primeras en sumarse a esta iniciativa.<\/p>\n<p>http:\/\/hemeroteca.abcdesevilla.es\/nav\/Navigate.exe\/hemeroteca\/sevilla\/abc.sevilla\/2008\/03\/20\/021.html<\/p>\n<p><img class=\"wp-image-711 aligncenter\" src=\"https:\/\/www.blipvert.es\/wp-content\/uploads\/16-300x199.jpg\" alt=\"\" width=\"540\" height=\"358\" srcset=\"https:\/\/www.blipvert.es\/wp-content\/uploads\/16-300x199.jpg 300w, https:\/\/www.blipvert.es\/wp-content\/uploads\/16-150x100.jpg 150w, https:\/\/www.blipvert.es\/wp-content\/uploads\/16.jpg 301w\" sizes=\"(max-width: 540px) 100vw, 540px\" \/><\/p>\n<p>Lebrija, 15 de marzo de 2008<\/p>\n<p>La Delegada de Medio Ambiente, Eva Garc\u00eda Galante, inform\u00f3 el pasado 14 de marzo de la instalaci\u00f3n de 8 contenedores clasificadores urbanos en Lebrija con el objetivo, seg\u00fan sus propias palabras, \u201chacer m\u00e1s c\u00f3modo el reciclaje de un tipo de residuo que no sabemos que hacer con \u00e9l\u201d. Esta instalaci\u00f3n ha sido posible mediante un convenio de colaboraci\u00f3n entre el Ayuntamiento de Lebrija, a trav\u00e9s de la Delegaci\u00f3n de Mantenimiento, y la empresa Blipvert, que ha realizado la instalaci\u00f3n y ejecutar\u00e1 el mantenimiento vea la noticia completa en<\/p>\n<p><a href=\"http:\/\/www.lebrija.es\/opencms\/opencms\/lebrija\/actualidad\/generales\/noticia_0005087.html\">http:\/\/www.lebrija.es\/opencms\/lebrija\/actualidad\/generales\/noticia_0005087.html<\/a><\/p>\n<\/div>\n<\/div>\n<\/div>\n<\/div>\n","protected":false},"excerpt":{"rendered":"<p>Reciclaje Nuevos contenedores Varias localidades de la provincia instalar\u00e1n en breve en la v\u00eda p\u00fablica un nuevo modelo de contenedor, el \u00abContenedor Clasificador Urbano\u00bb, destinado a la recogida selectiva de peque- \u00f1os residuos s\u00f3lidos de [&hellip;]<\/p>\n","protected":false},"author":3,"featured_media":711,"comment_status":"closed","ping_status":"closed","sticky":false,"template":"","format":"standard","meta":[],"categories":[60],"tags":[],"_links":{"self":[{"href":"https:\/\/www.blipvert.es\/es\/wp-json\/wp\/v2\/posts\/548"}],"collection":[{"href":"https:\/\/www.blipvert.es\/es\/wp-json\/wp\/v2\/posts"}],"about":[{"href":"https:\/\/www.blipvert.es\/es\/wp-json\/wp\/v2\/types\/post"}],"author":[{"embeddable":true,"href":"https:\/\/www.blipvert.es\/es\/wp-json\/wp\/v2\/users\/3"}],"replies":[{"embeddable":true,"href":"https:\/\/www.blipvert.es\/es\/wp-json\/wp\/v2\/comments?post=548"}],"version-history":[{"count":6,"href":"https:\/\/www.blipvert.es\/es\/wp-json\/wp\/v2\/posts\/548\/revisions"}],"predecessor-version":[{"id":714,"href":"https:\/\/www.blipvert.es\/es\/wp-json\/wp\/v2\/posts\/548\/revisions\/714"}],"wp:featuredmedia":[{"embeddable":true,"href":"https:\/\/www.blipvert.es\/es\/wp-json\/wp\/v2\/media\/711"}],"wp:attachment":[{"href":"https:\/\/www.blipvert.es\/es\/wp-json\/wp\/v2\/media?parent=548"}],"wp:term":[{"taxonomy":"category","embeddable":true,"href":"https:\/\/www.blipvert.es\/es\/wp-json\/wp\/v2\/categories?post=548"},{"taxonomy":"post_tag","embeddable":true,"href":"https:\/\/www.blipvert.es\/es\/wp-json\/wp\/v2\/tags?post=548"}],"curies":[{"name":"wp","href":"https:\/\/api.w.org\/{rel}","templated":true}]}}