{"id":5957,"date":"2020-01-04T12:44:36","date_gmt":"2020-01-04T10:44:36","guid":{"rendered":"https:\/\/www.blipvert.es\/?p=5957"},"modified":"2020-01-23T18:06:33","modified_gmt":"2020-01-23T16:06:33","slug":"el-parking-de-la-plaza-nueva-de-lucena-cordoba-cuenta-con-un-nuevo-mini-punto-limpio","status":"publish","type":"post","link":"https:\/\/www.blipvert.es\/es\/el-parking-de-la-plaza-nueva-de-lucena-cordoba-cuenta-con-un-nuevo-mini-punto-limpio\/","title":{"rendered":"El Parking de la Plaza Nueva de Lucena (C\u00d3RDOBA) cuenta con un nuevo \u201cMini Punto Limpio\u201d"},"content":{"rendered":"<div class=\"td-module-meta-info\">El Ayuntamiento pretende facilitar la labor de reciclaje de los lucentinos y visitantes con esta medida.<\/div>\n<div class=\"td-post-content\"><\/div>\n<div><img class=\"aligncenter wp-image-5960 size-full\" src=\"https:\/\/www.blipvert.es\/wp-content\/uploads\/200102-minipunto-limpio-21-scaled.jpg\" alt=\"\" width=\"2560\" height=\"1444\" srcset=\"https:\/\/www.blipvert.es\/wp-content\/uploads\/200102-minipunto-limpio-21-scaled.jpg 2560w, https:\/\/www.blipvert.es\/wp-content\/uploads\/200102-minipunto-limpio-21-scaled-150x85.jpg 150w, https:\/\/www.blipvert.es\/wp-content\/uploads\/200102-minipunto-limpio-21-scaled-300x169.jpg 300w, https:\/\/www.blipvert.es\/wp-content\/uploads\/200102-minipunto-limpio-21-scaled-768x433.jpg 768w, https:\/\/www.blipvert.es\/wp-content\/uploads\/200102-minipunto-limpio-21-scaled-1280x722.jpg 1280w\" sizes=\"(max-width: 2560px) 100vw, 2560px\" \/><\/div>\n<div class=\"td-post-content\">\n<figure id=\"attachment_222309\" class=\"wp-caption aligncenter\" aria-describedby=\"caption-attachment-222309\"><figcaption id=\"caption-attachment-222309\" class=\"wp-caption-text\">Minipunto limpio.\/Foto: AF<\/figcaption><\/figure>\n<p>Desde este jueves, los vecinos y vecinas de Lucena podr\u00e1n reciclar peque\u00f1os elementos como pilas, cartuchos de impresora o bombillas sin necesidad de trasladarse hasta el Punto Limpio gracias a la instalaci\u00f3n de un \u2018minipunto limpio\u2019 en el parking de la plaza Nueva.<\/p>\n<p>Este contenedor, instalado por la EPEL Aparcamientos de Lucena, recoger\u00e1 seis tipos de residuos de peque\u00f1o tama\u00f1o: tapones de pl\u00e1stico, aparatos el\u00e9ctricos y electr\u00f3nicos, cartuchos de impresora, pilas y acumuladores, y bombillas de bajo consumo y LED en un dep\u00f3sito de dos metros de altura que ser\u00e1 vaciado por el personal de Servicios Operativos del Ayuntamiento de Lucena, responsable de trasladar estos elementos al Punto Limpio. Con esta medida se pretende facilitar el reciclaje de estos residuos.<\/p>\n<p>El primer \u2018minipunto limpio\u2019 de la localidad se sit\u00faa en la primera planta del aparcamiento de la plaza Nueva, en el rellano entre la escalera y el parking de la entrada al mismo, junto al Ayuntamiento.<\/p>\n<\/div>\n<p>FUENTE: La Voz de C\u00f3rdoba<\/p>\n<blockquote class=\"wp-embedded-content\" data-secret=\"dxO9cak4Xp\"><p><a href=\"https:\/\/www.lavozdecordoba.es\/provincia\/2020\/01\/04\/el-parking-de-la-plaza-nueva-cuenta-con-un-nuevo-mini-punto-limpio\/\">El Parking de la Plaza Nueva cuenta con un nuevo &#8220;Mini Punto Limpio&#8221;<\/a><\/p><\/blockquote>\n<p><iframe class=\"wp-embedded-content\" sandbox=\"allow-scripts\" security=\"restricted\" style=\"position: absolute; clip: rect(1px, 1px, 1px, 1px);\" src=\"https:\/\/www.lavozdecordoba.es\/provincia\/2020\/01\/04\/el-parking-de-la-plaza-nueva-cuenta-con-un-nuevo-mini-punto-limpio\/embed\/#?secret=dxO9cak4Xp\" data-secret=\"dxO9cak4Xp\" width=\"500\" height=\"282\" title=\"&#171;El Parking de la Plaza Nueva cuenta con un nuevo &#8220;Mini Punto Limpio&#8221;&#187; &#8212; La Voz de C\u00f3rdoba\" frameborder=\"0\" marginwidth=\"0\" marginheight=\"0\" scrolling=\"no\"><\/iframe><\/p>\n<div class=\"td-author-by\">Por\u00a0<a href=\"https:\/\/www.lavozdecordoba.es\/author\/antoniojesusfernandez\/\">Antonio Jes\u00fas Fern\u00e1ndez<\/a><\/div>\n","protected":false},"excerpt":{"rendered":"<p>El Ayuntamiento pretende facilitar la labor de reciclaje de los lucentinos y visitantes con esta medida. Minipunto limpio.\/Foto: AF Desde este jueves, los vecinos y vecinas de Lucena podr\u00e1n reciclar peque\u00f1os elementos como pilas, cartuchos [&hellip;]<\/p>\n","protected":false},"author":3,"featured_media":5960,"comment_status":"closed","ping_status":"closed","sticky":false,"template":"","format":"standard","meta":[],"categories":[60],"tags":[],"_links":{"self":[{"href":"https:\/\/www.blipvert.es\/es\/wp-json\/wp\/v2\/posts\/5957"}],"collection":[{"href":"https:\/\/www.blipvert.es\/es\/wp-json\/wp\/v2\/posts"}],"about":[{"href":"https:\/\/www.blipvert.es\/es\/wp-json\/wp\/v2\/types\/post"}],"author":[{"embeddable":true,"href":"https:\/\/www.blipvert.es\/es\/wp-json\/wp\/v2\/users\/3"}],"replies":[{"embeddable":true,"href":"https:\/\/www.blipvert.es\/es\/wp-json\/wp\/v2\/comments?post=5957"}],"version-history":[{"count":9,"href":"https:\/\/www.blipvert.es\/es\/wp-json\/wp\/v2\/posts\/5957\/revisions"}],"predecessor-version":[{"id":5970,"href":"https:\/\/www.blipvert.es\/es\/wp-json\/wp\/v2\/posts\/5957\/revisions\/5970"}],"wp:featuredmedia":[{"embeddable":true,"href":"https:\/\/www.blipvert.es\/es\/wp-json\/wp\/v2\/media\/5960"}],"wp:attachment":[{"href":"https:\/\/www.blipvert.es\/es\/wp-json\/wp\/v2\/media?parent=5957"}],"wp:term":[{"taxonomy":"category","embeddable":true,"href":"https:\/\/www.blipvert.es\/es\/wp-json\/wp\/v2\/categories?post=5957"},{"taxonomy":"post_tag","embeddable":true,"href":"https:\/\/www.blipvert.es\/es\/wp-json\/wp\/v2\/tags?post=5957"}],"curies":[{"name":"wp","href":"https:\/\/api.w.org\/{rel}","templated":true}]}}