{"id":707,"date":"2016-11-08T15:07:53","date_gmt":"2016-11-08T13:07:53","guid":{"rendered":"https:\/\/www.blipvert.es\/?p=707"},"modified":"2020-01-23T18:18:25","modified_gmt":"2020-01-23T16:18:25","slug":"alba-italia-inaugurati-i-minipunti-ecologici-urbani","status":"publish","type":"post","link":"https:\/\/www.blipvert.es\/es\/alba-italia-inaugurati-i-minipunti-ecologici-urbani\/","title":{"rendered":"Alba (Italia) Inaugurati i \u201cminipunti ecologici urbani\u201d"},"content":{"rendered":"<h2>\u201cServizio importante perch\u00e9 amplia ai cittadini la possibilit\u00e0 di differenziare pi\u00f9 agevolmente\u201d il commento del sindaco Marello<\/h2>\n<div class=\"news-single-image\">\n<p><img class=\"aligncenter wp-image-5572 size-full\" src=\"https:\/\/www.blipvert.es\/wp-content\/uploads\/alba-martedi-l-inaugurazione-dei-minipunti-ecologici-urbani-12675.660x368.jpg\" alt=\"\" width=\"660\" height=\"368\" srcset=\"https:\/\/www.blipvert.es\/wp-content\/uploads\/alba-martedi-l-inaugurazione-dei-minipunti-ecologici-urbani-12675.660x368.jpg 660w, https:\/\/www.blipvert.es\/wp-content\/uploads\/alba-martedi-l-inaugurazione-dei-minipunti-ecologici-urbani-12675.660x368-150x84.jpg 150w, https:\/\/www.blipvert.es\/wp-content\/uploads\/alba-martedi-l-inaugurazione-dei-minipunti-ecologici-urbani-12675.660x368-300x167.jpg 300w\" sizes=\"(max-width: 660px) 100vw, 660px\" \/><\/p>\n<p class=\"news-single-imgcaption\">L&#8217;inaugurazione di uno dei \u00abminipunti\u00bb<\/p>\n<\/div>\n<div>\n<div id=\"beacon_8daca30b5d\"><img src=\"http:\/\/cat.nl.eu.criteo.com\/delivery\/lg.php?cppv=1&amp;cpp=QqdisXxJRUxaajNzVSt2MEl0MURtZnU3OE9ldEZ0dG9pZ0orZ3pvQkQvbVFIcElRbkxkUkJFVTcxOWRwdlVwY3hTUmdodzc3Y3BrNXR6YWRvNlNnVHczK21QbWJCMlFrQm85Y2JSazBDOXpiTEtXWHdzTzBRM2R2M0lrZEdxcFpqc0hXNGZOWFArZmdIZTVaVWpNT0VaOVM3NHl0WjdNNlMweWVEWVI2eG5YUXFidVR6VllnS1lQZFY0c3NPQm1IYlFZZTdPQzRTYWZLdlJ5U3lOVVkzbEhPTDdPQUIwVjh4YUM2M3ZMVjk3NjlDanU4MG9vWUJKM21pejJnRjlJUzFyekZOaWxabC9sRzZscDdWMUFSdVhCMGRsZz09fA%3D%3D\" width=\"0\" height=\"0\" \/>Marted\u00ec 8 novembre in piazza Trento e Trieste, alla fermata degli autobus di fronte alla stazione ferroviaria di Alba \u00e8 stato inaugurato uno dei cinque \u201cminipunti ecologici urbani\u201d posizionati in citt\u00e0 per il conferimento di rifiuti non raccolti porta a porta.<\/div>\n<\/div>\n<div class=\"news-single-content\">\n<p>Gli altri minipunti si trovano in corso Langhe incrocio via Santa Barbara; piazza San Paolo \u2013 fermata dell\u2019autobus; corso Piave altezza area verde; corso Matteotti angolo via Pierino Belli \u2013 rotatoria.<\/p>\n<p>Si tratta di \u201ctotem\u201d ben integrati con l\u2019arredo urbano e permettono di buttare telefoni cellulari, tappi di plastica, tappi di sughero, cartucce esauste delle stampanti, farmaci scaduti, lampadine a basso consumo, occhiali usati. Si evita cos\u00ec di andare nelle pi\u00f9 distanti isole ecologiche in via Ognissanti e corso Bra per gettare tali oggetti.<\/p>\n<p>Per facilitare il conferimento, i \u201cminipunti ecologici urbani\u201d sono stati posizionati in zone di passaggio agevolando la raccolta differenziata ai cittadini che hanno dei raccoglitori innovativi ed in zone strategiche.<\/p>\n<p>Il progetto \u00e8 gratuito per l\u2019Amministrazione comunale in quanto la Ciessepi S.r.l., societ\u00e0 che opera da tempo nel settore della comunicazione e particolarmente sensibile ai temi ambientali, si \u00e8 resa disponibile alla realizzazione.<\/p>\n<p>Mentre il servizio di ritiro sar\u00e0 a cura della Stirano s.r.l. attuale appaltatrice del servizio di igiene urbana ad Alba.<\/p>\n<p>\u00ab<i>Questi \u201cminipunti ecologici urbani\u201d\u00a0<\/i>&#8211; spiega il sindaco\u00a0<b>Maurizio Marello<\/b>&#8211;\u00a0<i>sono molto importanti perch\u00e9 ampliano ai cittadini la possibilit\u00e0 di differenziare pi\u00f9 agevolmente oggetti finora finiti nell\u2019indifferenziato o portati all\u2019isola ecologica. In questo modo i punti sono quasi sotto casa per un servizio ecologico pi\u00f9 agevole ed importante per gli abitanti<\/i>\u00bb.<\/p>\n<p>\u00ab<i>Aggiungiamo un tassello in pi\u00f9 al sistema di raccolta differenziata albese<\/i>\u00a0\u2013 sottolinea l\u2019assessore all\u2019ambiente del comune di Alba\u00a0<b>Massimo Scavino<\/b>\u00a0\u2013\u00a0<i>che di fatto oggi \u00e8 quantit\u00e0 e qualit\u00e0. La quantit\u00e0 \u00e8 su tutta la citt\u00e0 sul porta a porta, poi ci sono due isole ecologiche di cui una rinnovata due anni fa. Ora ci sono anche questi sistemi anche gradevoli esteticamente per facilitare sempre pi\u00f9 la raccolta. Ormai il sistema \u00e8 completo. Bisogna fare lo sforzo di utilizzare tutte le opportunit\u00e0 che Alba offre per fare una buona raccolta differenziata con l\u2019obiettivo di ridurre, recuperare e riciclare fino ad arrivare all\u2019obiettivo rifiuti zero chiudendo il ciclo dei rifiuti andando sempre meno in discarica e rimettendo i materiali in circolo<\/i>\u00bb.<\/p>\n<p>\u00ab<i>Questo progetto \u00e8 nato circa tre anni fa<\/i>\u00a0\u2013 spiega\u00a0<b>Claudio Brescia<\/b>\u00a0della Ciessepi S.r.l. \u2013\u00a0<i>ed attualmente coinvolge circa 15 comuni tra Piemonte e Liguria. \u00c8 un progetto dedicato all\u2019educazione del cittadino sui vari prodotti che giornalmente deve gettare. Sono pochi coloro che vanno all\u2019isola ecologica, in genere preferiscono buttare nell\u2019indifferenziata. Con questi totem di aspetto gradevole permettiamo di diversificare fino a sette prodotti e di buttarli in zone di passaggio. Il progetto \u00e8 gratuito per le pubbliche amministrazioni<\/i>\u00bb.<\/p>\n<p>\u00ab<i>Il messaggio che abbiamo voluto su questo totem \u201cViviamo in terre meravigliose. Rispettiamole\u201d<\/i>\u00a0\u2013 spiega il presidente di Banca d\u2019Alba\u00a0<b>Tino Cornaglia<\/b>\u00a0\u2013\u00a0<i>riguarda la sostenibilit\u00e0 dell\u2019ambiente e sar\u00e0 uno dei leitmotiv di Banca d\u2019Alba anche sui prossimi investimenti<\/i>\u00bb.<\/p>\n<\/div>\n<div class=\"news_single_gallery\">\n<div class=\"news_single_gallery_el\"><a href=\"http:\/\/www.targatocn.it\/typo3temp\/pics\/A_c15b5ea586.jpg\" rel=\"lightbox[lb1043544]\"><img title=\"\" src=\"http:\/\/www.targatocn.it\/typo3temp\/pics\/A_3408d00fbd.jpg\" alt=\"\" width=\"88\" height=\"66\" border=\"0\" \/><\/a><\/div>\n<div class=\"news_single_gallery_el\"><a href=\"http:\/\/www.targatocn.it\/typo3temp\/pics\/A_b6a5058873.jpg\" rel=\"lightbox[lb1043544]\"><img title=\"\" src=\"http:\/\/www.targatocn.it\/typo3temp\/pics\/A_d2cd88fb69.jpg\" alt=\"\" width=\"88\" height=\"66\" border=\"0\" \/><\/a><\/div>\n<\/div>\n<p>http:\/\/www.targatocn.it\/2016\/11\/08\/leggi-notizia\/argomenti\/alba-e-langhe\/articolo\/alba-inaugurati-i-minipunti-ecologici-urbani.html<\/p>\n","protected":false},"excerpt":{"rendered":"<p>\u201cServizio importante perch\u00e9 amplia ai cittadini la possibilit\u00e0 di differenziare pi\u00f9 agevolmente\u201d il commento del sindaco Marello L&#8217;inaugurazione di uno dei \u00abminipunti\u00bb Marted\u00ec 8 novembre in piazza Trento e Trieste, alla fermata degli autobus di [&hellip;]<\/p>\n","protected":false},"author":3,"featured_media":709,"comment_status":"closed","ping_status":"closed","sticky":false,"template":"","format":"standard","meta":[],"categories":[33],"tags":[],"_links":{"self":[{"href":"https:\/\/www.blipvert.es\/es\/wp-json\/wp\/v2\/posts\/707"}],"collection":[{"href":"https:\/\/www.blipvert.es\/es\/wp-json\/wp\/v2\/posts"}],"about":[{"href":"https:\/\/www.blipvert.es\/es\/wp-json\/wp\/v2\/types\/post"}],"author":[{"embeddable":true,"href":"https:\/\/www.blipvert.es\/es\/wp-json\/wp\/v2\/users\/3"}],"replies":[{"embeddable":true,"href":"https:\/\/www.blipvert.es\/es\/wp-json\/wp\/v2\/comments?post=707"}],"version-history":[{"count":3,"href":"https:\/\/www.blipvert.es\/es\/wp-json\/wp\/v2\/posts\/707\/revisions"}],"predecessor-version":[{"id":5575,"href":"https:\/\/www.blipvert.es\/es\/wp-json\/wp\/v2\/posts\/707\/revisions\/5575"}],"wp:featuredmedia":[{"embeddable":true,"href":"https:\/\/www.blipvert.es\/es\/wp-json\/wp\/v2\/media\/709"}],"wp:attachment":[{"href":"https:\/\/www.blipvert.es\/es\/wp-json\/wp\/v2\/media?parent=707"}],"wp:term":[{"taxonomy":"category","embeddable":true,"href":"https:\/\/www.blipvert.es\/es\/wp-json\/wp\/v2\/categories?post=707"},{"taxonomy":"post_tag","embeddable":true,"href":"https:\/\/www.blipvert.es\/es\/wp-json\/wp\/v2\/tags?post=707"}],"curies":[{"name":"wp","href":"https:\/\/api.w.org\/{rel}","templated":true}]}}