{"id":7525,"date":"2019-08-27T14:33:49","date_gmt":"2019-08-27T12:33:49","guid":{"rendered":"https:\/\/www.blipvert.es\/?p=7525"},"modified":"2020-07-29T14:37:53","modified_gmt":"2020-07-29T12:37:53","slug":"les-minideixalleries-de-girona-recullen-649-kg-de-residus-en-tres-mesos","status":"publish","type":"post","link":"https:\/\/www.blipvert.es\/es\/les-minideixalleries-de-girona-recullen-649-kg-de-residus-en-tres-mesos\/","title":{"rendered":"LES MINIDEIXALLERIES DE GIRONA RECULLEN 649 KG DE RESIDUS EN TRES MESOS"},"content":{"rendered":"<header class=\"article__header\">\n<h2 class=\"article__subtitle\">N&#8217;hi ha dotze de repartides per la ciutat<\/h2>\n<\/header>\n<div class=\"article__content\">\n<p>Les minideixalleries de Girona han recollit 649 kg de residus durant els primers tres mesos de funcionament. Aquesta quantitat es divideix en 360 kg de piles, 120 kg d\u2019aparells electr\u00f2nics i el\u00e8ctrics de petit format (com tel\u00e8fons m\u00f2bils o carregadors), 80 kg de bombetes, 60 kg de CD i DVD, 25 kg de cartutxos d\u2019impressores i 4 kg de maquinetes d\u2019afaitar.<\/p>\n<p><img class=\"size-medium wp-image-7526 aligncenter\" src=\"https:\/\/www.blipvert.es\/wp-content\/uploads\/22137-300x166.jpeg\" alt=\"\" width=\"300\" height=\"166\" srcset=\"https:\/\/www.blipvert.es\/wp-content\/uploads\/22137-300x166.jpeg 300w, https:\/\/www.blipvert.es\/wp-content\/uploads\/22137-150x83.jpeg 150w, https:\/\/www.blipvert.es\/wp-content\/uploads\/22137.jpeg 750w\" sizes=\"(max-width: 300px) 100vw, 300px\" \/><\/p>\n<div class=\"publicitat\">\n<p><ins class=\"adsbygoogle\" data-ad-client=\"ca-pub-7357100565282507\" data-ad-slot=\"8426902334\" data-adsbygoogle-status=\"done\"><ins id=\"aswift_1_expand\"><ins id=\"aswift_1_anchor\"><\/ins><\/ins><\/ins>Aquests petits contenidors a la via p\u00fablica es van instal\u00b7lar a la ciutat a mitjans del mes de maig i actualment es poden trobar en dotze punts diferents del municipi: a pla\u00e7a de Catalunya, a la pla\u00e7a de la Reina Sibil\u00b7la de Forti\u00e0, a la cru\u00eflla de la Gran Via de Jaume I amb el carrer de Francesc Coll i Turbau, a la pla\u00e7a de Miquel Santal\u00f3, a la pla\u00e7a del Marqu\u00e8s de Camps, a la cru\u00eflla del carrer de Bonastruc de Porta amb la ronda de Ferran Puig, a la cru\u00eflla del carrer de Crist\u00f2fol Grober amb el carrer de la S\u00e8quia, a la cru\u00eflla del carrer de Can Sunyer amb el carrer de Bosquet, a la pla\u00e7a de Joan Brossa, a la pla\u00e7a d\u2019Europa, a la pla\u00e7a dels Pa\u00efsos Catalans i a la cru\u00eflla del carrer d\u2019Emili Grahit amb el carrer del Migdia.<\/p>\n<p>L\u2019objectiu de la ubicaci\u00f3 de les minideixalleries al carrer \u00e9s facilitar el reciclatge de residus de petit format i conscienciar la ciutadania sobre la import\u00e0ncia de portar a terme una gesti\u00f3 adequada dels elements \u2013sobretot electr\u00f2nics\u2013 que ja han acabat la seva vida \u00fatil. \u201cLa nostra aposta per la sostenibilitat i l\u2019augment de la taxa de reciclatge a la ciutat \u00e9s clara i, resultats com els dels primers mesos de funcionament de les minideixalleries, ens demostren que la ciutadania gironina est\u00e0 sensibilitzada amb aquesta mat\u00e8ria i ens empeny a seguir fomentant pol\u00edtiques en aquesta l\u00ednia\u201d, ha assenyalat el regidor de Sostenibilitat de l\u2019Ajuntament de Girona, Mart\u00ed Ter\u00e9s.<\/p>\n<\/div>\n<\/div>\n<p>Font: EL GERI\u00d3 DIGITAL<\/p>\n<p><a href=\"https:\/\/www.gerio.cat\/noticia\/759125\/les-minideixalleries-de-girona-recullen-649-kg-de-residus-en-tres-mesos\">https:\/\/www.gerio.cat\/noticia\/759125\/les-minideixalleries-de-girona-recullen-649-kg-de-residus-en-tres-mesos<\/a><\/p>\n","protected":false},"excerpt":{"rendered":"<p>N&#8217;hi ha dotze de repartides per la ciutat Les minideixalleries de Girona han recollit 649 kg de residus durant els primers tres mesos de funcionament. Aquesta quantitat es divideix en 360 kg de piles, 120 [&hellip;]<\/p>\n","protected":false},"author":3,"featured_media":7526,"comment_status":"closed","ping_status":"closed","sticky":false,"template":"","format":"standard","meta":[],"categories":[31],"tags":[],"_links":{"self":[{"href":"https:\/\/www.blipvert.es\/es\/wp-json\/wp\/v2\/posts\/7525"}],"collection":[{"href":"https:\/\/www.blipvert.es\/es\/wp-json\/wp\/v2\/posts"}],"about":[{"href":"https:\/\/www.blipvert.es\/es\/wp-json\/wp\/v2\/types\/post"}],"author":[{"embeddable":true,"href":"https:\/\/www.blipvert.es\/es\/wp-json\/wp\/v2\/users\/3"}],"replies":[{"embeddable":true,"href":"https:\/\/www.blipvert.es\/es\/wp-json\/wp\/v2\/comments?post=7525"}],"version-history":[{"count":2,"href":"https:\/\/www.blipvert.es\/es\/wp-json\/wp\/v2\/posts\/7525\/revisions"}],"predecessor-version":[{"id":7530,"href":"https:\/\/www.blipvert.es\/es\/wp-json\/wp\/v2\/posts\/7525\/revisions\/7530"}],"wp:featuredmedia":[{"embeddable":true,"href":"https:\/\/www.blipvert.es\/es\/wp-json\/wp\/v2\/media\/7526"}],"wp:attachment":[{"href":"https:\/\/www.blipvert.es\/es\/wp-json\/wp\/v2\/media?parent=7525"}],"wp:term":[{"taxonomy":"category","embeddable":true,"href":"https:\/\/www.blipvert.es\/es\/wp-json\/wp\/v2\/categories?post=7525"},{"taxonomy":"post_tag","embeddable":true,"href":"https:\/\/www.blipvert.es\/es\/wp-json\/wp\/v2\/tags?post=7525"}],"curies":[{"name":"wp","href":"https:\/\/api.w.org\/{rel}","templated":true}]}}