{"id":7641,"date":"2020-08-07T20:18:35","date_gmt":"2020-08-07T18:18:35","guid":{"rendered":"https:\/\/www.blipvert.es\/?p=7641"},"modified":"2020-08-09T21:28:42","modified_gmt":"2020-08-09T19:28:42","slug":"instalan-10-compactadoras-de-latas-en-playas-de-cartagena-para-fomentar-el-reciclaje","status":"publish","type":"post","link":"https:\/\/www.blipvert.es\/es\/instalan-10-compactadoras-de-latas-en-playas-de-cartagena-para-fomentar-el-reciclaje\/","title":{"rendered":"SE INSTALAN 10 COMPACTADORAS DE LATAS EN PLAYAS DE CARTAGENA PARA FOMENTAR EL RECICLAJE"},"content":{"rendered":"<p><strong>Las\u00a0<a href=\"https:\/\/www.blipvert.es\/es\/compactadora-latas\/\">compactadoras de latas <\/a><\/strong>ya est\u00e1n <strong>instaladas <\/strong>en diferentes <strong>playas del litoral de Cartagena <\/strong>para ofrecer un recurso m\u00e1s sencillo a aquellas personas que quieran <strong>reciclar <\/strong>y cuidar el entorno.<\/p>\n<p>Se trata de una <strong>iniciativa <\/strong>de <a href=\"https:\/\/www.estrelladelevante.es\/es\"><strong>Estrella Levante<\/strong><\/a>, en colaboraci\u00f3n con el <a href=\"https:\/\/www.cartagena.es\/detalle_noticias.asp?id=59977\"><strong>Ayuntamiento de Cartagena<\/strong><\/a>, que fomenta la <strong>sostenibilidad <\/strong>y <strong>medio ambiente<\/strong> en el municipio. Se ha <strong>presentado <\/strong>una de estas <strong>compactadoras <\/strong>en la calle Punta Elena de <strong>Cabo de Palos<\/strong>, en la ma\u00f1ana del viernes 8 de agosto, por parte de la concejala de Medio Ambiente del Ayuntamiento de Cartagena, <strong>Cristina Mora<\/strong>, el director t\u00e9cnico de Estrella de Levante, <strong>Juan Antonio L\u00f3pez Abad\u00eda<\/strong>, y el responsable de comunicaci\u00f3n de la empresa,<strong> Yayo Delgado<\/strong>.<\/p>\n<p><i>1. Cabo de palos.<\/i><\/p>\n<p><img class=\"aligncenter wp-image-7667 size-large\" src=\"https:\/\/www.blipvert.es\/wp-content\/uploads\/IMG-20200806-WA0028-1280x960.jpg\" alt=\"\" width=\"1280\" height=\"960\" srcset=\"https:\/\/www.blipvert.es\/wp-content\/uploads\/IMG-20200806-WA0028-1280x960.jpg 1280w, https:\/\/www.blipvert.es\/wp-content\/uploads\/IMG-20200806-WA0028-150x113.jpg 150w, https:\/\/www.blipvert.es\/wp-content\/uploads\/IMG-20200806-WA0028-300x225.jpg 300w, https:\/\/www.blipvert.es\/wp-content\/uploads\/IMG-20200806-WA0028-768x576.jpg 768w, https:\/\/www.blipvert.es\/wp-content\/uploads\/IMG-20200806-WA0028.jpg 2048w\" sizes=\"(max-width: 1280px) 100vw, 1280px\" \/><\/p>\n<p><em>2. Entremares.<\/em><\/p>\n<p><img class=\"alignnone wp-image-7664 size-full\" src=\"https:\/\/www.blipvert.es\/wp-content\/uploads\/IMG-20200805-WA0023.jpg\" alt=\"\" width=\"2048\" height=\"1536\" srcset=\"https:\/\/www.blipvert.es\/wp-content\/uploads\/IMG-20200805-WA0023.jpg 2048w, https:\/\/www.blipvert.es\/wp-content\/uploads\/IMG-20200805-WA0023-150x113.jpg 150w, https:\/\/www.blipvert.es\/wp-content\/uploads\/IMG-20200805-WA0023-300x225.jpg 300w, https:\/\/www.blipvert.es\/wp-content\/uploads\/IMG-20200805-WA0023-768x576.jpg 768w, https:\/\/www.blipvert.es\/wp-content\/uploads\/IMG-20200805-WA0023-1280x960.jpg 1280w\" sizes=\"(max-width: 2048px) 100vw, 2048px\" \/><\/p>\n<p><em>3. Las Sirenas.<\/em><\/p>\n<p><img class=\"aligncenter wp-image-7661 size-large\" src=\"https:\/\/www.blipvert.es\/wp-content\/uploads\/IMG-20200805-WA0039-1280x961.jpg\" alt=\"\" width=\"1280\" height=\"961\" srcset=\"https:\/\/www.blipvert.es\/wp-content\/uploads\/IMG-20200805-WA0039-1280x961.jpg 1280w, https:\/\/www.blipvert.es\/wp-content\/uploads\/IMG-20200805-WA0039-150x113.jpg 150w, https:\/\/www.blipvert.es\/wp-content\/uploads\/IMG-20200805-WA0039-300x225.jpg 300w, https:\/\/www.blipvert.es\/wp-content\/uploads\/IMG-20200805-WA0039-768x576.jpg 768w, https:\/\/www.blipvert.es\/wp-content\/uploads\/IMG-20200805-WA0039.jpg 1599w\" sizes=\"(max-width: 1280px) 100vw, 1280px\" \/><\/p>\n<p>\u00ab<em>Con esta colaboraci\u00f3n <strong>pretendemos hacer m\u00e1s sencillo el reciclaje de latas <\/strong>para los cartageneros y visitantes del\u00a0 litoral<\/em>\u00ab, ha se\u00f1alado <strong>Cristina Mora<\/strong>, quien tambi\u00e9n ha asegurado que <strong>\u00ab<em>desde el Ayuntamiento se apuesta por esta colaboraci\u00f3n <\/em><\/strong><em>porque va a permitir seguir dando pasos en el posicionamiento de <strong>Cartagena <\/strong>como<strong> ciudad sostenible<\/strong><\/em>\u00ab.<\/p>\n<p>De esta forma contin\u00faa la<strong> iniciativa de sostenibilidad que lleva realizando <a href=\"https:\/\/www.estrelladelevante.es\/es\">Estrella Levante<\/a> desde hace 3 a\u00f1os<\/strong>: \u00ab<em>hace dos a\u00f1os se instalaron en <strong>San Javier<\/strong> y <strong>Lo Pag\u00e1n<\/strong>, este a\u00f1o por primera vez en la costa de <strong>Cartagena<\/strong>, y tambi\u00e9n hemos puesto en <strong>\u00c1guilas <\/strong>y <strong>Mazarr\u00f3n<\/strong>\u00ab<\/em>, ha anunciado <strong>Juan Antonio L\u00f3pez<\/strong>.<\/p>\n<p><em>4. Plaza Cavanna.<\/em><\/p>\n<p><img class=\"aligncenter wp-image-7658 size-large\" src=\"https:\/\/www.blipvert.es\/wp-content\/uploads\/IMG-20200805-WA0048-1280x961.jpg\" alt=\"\" width=\"1280\" height=\"961\" srcset=\"https:\/\/www.blipvert.es\/wp-content\/uploads\/IMG-20200805-WA0048-1280x961.jpg 1280w, https:\/\/www.blipvert.es\/wp-content\/uploads\/IMG-20200805-WA0048-150x113.jpg 150w, https:\/\/www.blipvert.es\/wp-content\/uploads\/IMG-20200805-WA0048-300x225.jpg 300w, https:\/\/www.blipvert.es\/wp-content\/uploads\/IMG-20200805-WA0048-768x576.jpg 768w, https:\/\/www.blipvert.es\/wp-content\/uploads\/IMG-20200805-WA0048.jpg 1599w\" sizes=\"(max-width: 1280px) 100vw, 1280px\" \/><\/p>\n<p><em>5. Plaza Bohemia.<\/em><\/p>\n<p><img class=\"aligncenter wp-image-7655 size-large\" src=\"https:\/\/www.blipvert.es\/wp-content\/uploads\/IMG-20200805-WA0054-1280x960.jpg\" alt=\"\" width=\"1280\" height=\"960\" srcset=\"https:\/\/www.blipvert.es\/wp-content\/uploads\/IMG-20200805-WA0054-1280x960.jpg 1280w, https:\/\/www.blipvert.es\/wp-content\/uploads\/IMG-20200805-WA0054-150x113.jpg 150w, https:\/\/www.blipvert.es\/wp-content\/uploads\/IMG-20200805-WA0054-300x225.jpg 300w, https:\/\/www.blipvert.es\/wp-content\/uploads\/IMG-20200805-WA0054-768x576.jpg 768w, https:\/\/www.blipvert.es\/wp-content\/uploads\/IMG-20200805-WA0054.jpg 2048w\" sizes=\"(max-width: 1280px) 100vw, 1280px\" \/><\/p>\n<p><em>6. Playa Honda.<\/em><\/p>\n<p><img class=\"aligncenter wp-image-7652 size-large\" src=\"https:\/\/www.blipvert.es\/wp-content\/uploads\/IMG-20200805-WA0058-1280x960.jpg\" alt=\"\" width=\"1280\" height=\"960\" srcset=\"https:\/\/www.blipvert.es\/wp-content\/uploads\/IMG-20200805-WA0058-1280x960.jpg 1280w, https:\/\/www.blipvert.es\/wp-content\/uploads\/IMG-20200805-WA0058-150x113.jpg 150w, https:\/\/www.blipvert.es\/wp-content\/uploads\/IMG-20200805-WA0058-300x225.jpg 300w, https:\/\/www.blipvert.es\/wp-content\/uploads\/IMG-20200805-WA0058-768x576.jpg 768w, https:\/\/www.blipvert.es\/wp-content\/uploads\/IMG-20200805-WA0058.jpg 2048w\" sizes=\"(max-width: 1280px) 100vw, 1280px\" \/><\/p>\n<p><em>7. Isla Plana.<\/em><\/p>\n<p><img class=\"aligncenter wp-image-7676 size-large\" src=\"https:\/\/www.blipvert.es\/wp-content\/uploads\/IMG-20200806-WA0012-1280x960.jpg\" alt=\"\" width=\"1280\" height=\"960\" srcset=\"https:\/\/www.blipvert.es\/wp-content\/uploads\/IMG-20200806-WA0012-1280x960.jpg 1280w, https:\/\/www.blipvert.es\/wp-content\/uploads\/IMG-20200806-WA0012-150x113.jpg 150w, https:\/\/www.blipvert.es\/wp-content\/uploads\/IMG-20200806-WA0012-300x225.jpg 300w, https:\/\/www.blipvert.es\/wp-content\/uploads\/IMG-20200806-WA0012-768x576.jpg 768w, https:\/\/www.blipvert.es\/wp-content\/uploads\/IMG-20200806-WA0012.jpg 2048w\" sizes=\"(max-width: 1280px) 100vw, 1280px\" \/><\/p>\n<p>La iniciativa consiste en una<strong> triple apuesta<\/strong>: <strong>sostenibilidad ambiental<\/strong>, la <strong>econom\u00eda circular<\/strong> e <strong>inclusi\u00f3n social<\/strong>. Contribuye al cuidado del medio ambiente porque \u00ab<em>cada <strong>10 latas recicladas equivale a contrarrestar 6 minutos de emisiones de un coche<\/strong>, y a la econom\u00eda circular ya que<strong> permite que esas latas puedan convertirse en nuevos recipientes<\/strong> en un futuro\u00bb<\/em>, ha asegurado <strong>Juan Antonio L\u00f3pez<\/strong>.<\/p>\n<p>Asimismo, <strong>Cristina Mora<\/strong> ha recordado que hay una \u00aba<em>puesta firme y decidida por la <strong>inclusi\u00f3n laboral de personas con discapacidad <\/strong>de la mano de importantes asociaciones referentes de Cartagena y la Regi\u00f3n de Murcia<\/em>\u00ab. <a href=\"https:\/\/aidemar.com\/servicios\/servicios-complementarios\/\"><strong>Aidemar<\/strong><\/a>, una asociaci\u00f3n de servicios para personas con discapacidad, se encarga del <strong>mantenimiento de <a href=\"https:\/\/www.blipvert.es\/es\/compactadora-latas\/\">los compactadores<\/a><\/strong> <strong>de latas<\/strong>. Adem\u00e1s de ser estas personas con discapacidad quienes pueden optar al <strong>empleo<\/strong>, el <a href=\"https:\/\/aluminio.org\">aluminio reciclado<\/a> se revaloriza econ\u00f3micamente y se destina a la asociaci\u00f3n.<\/p>\n<p><em>8. La Azoh\u00eda.<\/em><\/p>\n<p><img class=\"aligncenter wp-image-7682 size-large\" src=\"https:\/\/www.blipvert.es\/wp-content\/uploads\/IMG-20200806-WA0013-1280x960.jpg\" alt=\"\" width=\"1280\" height=\"960\" srcset=\"https:\/\/www.blipvert.es\/wp-content\/uploads\/IMG-20200806-WA0013-1280x960.jpg 1280w, https:\/\/www.blipvert.es\/wp-content\/uploads\/IMG-20200806-WA0013-150x113.jpg 150w, https:\/\/www.blipvert.es\/wp-content\/uploads\/IMG-20200806-WA0013-300x225.jpg 300w, https:\/\/www.blipvert.es\/wp-content\/uploads\/IMG-20200806-WA0013-768x576.jpg 768w, https:\/\/www.blipvert.es\/wp-content\/uploads\/IMG-20200806-WA0013.jpg 2048w\" sizes=\"(max-width: 1280px) 100vw, 1280px\" \/><\/p>\n<p><em>9. Los Nietos.<\/em><\/p>\n<p><img class=\"wp-image-7679 size-large aligncenter\" src=\"https:\/\/www.blipvert.es\/wp-content\/uploads\/IMG-20200806-WA0035-1280x960.jpg\" alt=\"\" width=\"1280\" height=\"960\" srcset=\"https:\/\/www.blipvert.es\/wp-content\/uploads\/IMG-20200806-WA0035-1280x960.jpg 1280w, https:\/\/www.blipvert.es\/wp-content\/uploads\/IMG-20200806-WA0035-150x113.jpg 150w, https:\/\/www.blipvert.es\/wp-content\/uploads\/IMG-20200806-WA0035-300x225.jpg 300w, https:\/\/www.blipvert.es\/wp-content\/uploads\/IMG-20200806-WA0035-768x576.jpg 768w, https:\/\/www.blipvert.es\/wp-content\/uploads\/IMG-20200806-WA0035.jpg 2048w\" sizes=\"(max-width: 1280px) 100vw, 1280px\" \/><\/p>\n<p><em>10. Los Urrutias.<\/em><\/p>\n<p><img class=\"alignnone wp-image-7670 size-large\" src=\"https:\/\/www.blipvert.es\/wp-content\/uploads\/IMG-20200806-WA0041-1280x960.jpg\" alt=\"\" width=\"1280\" height=\"960\" srcset=\"https:\/\/www.blipvert.es\/wp-content\/uploads\/IMG-20200806-WA0041-1280x960.jpg 1280w, https:\/\/www.blipvert.es\/wp-content\/uploads\/IMG-20200806-WA0041-150x113.jpg 150w, https:\/\/www.blipvert.es\/wp-content\/uploads\/IMG-20200806-WA0041-300x225.jpg 300w, https:\/\/www.blipvert.es\/wp-content\/uploads\/IMG-20200806-WA0041-768x576.jpg 768w, https:\/\/www.blipvert.es\/wp-content\/uploads\/IMG-20200806-WA0041.jpg 2048w\" sizes=\"(max-width: 1280px) 100vw, 1280px\" \/><\/p>\n<p>Est\u00e1 <strong>previsto <\/strong>que la iniciativa contin\u00fae desarroll\u00e1ndose en la costa de <strong>Almer\u00eda <\/strong>y de <strong>Alicante <\/strong>para visibilizar y contribuir a la sostenibilidad y cuidado del medio ambiente.<\/p>\n<p>Noticia Original: <a href=\"https:\/\/www.cartagena.es\/detalle_noticias.asp?id=59977\">Ayuntamiento de Cartagena<\/a><\/p>\n<p>Fotograf\u00edas:\u00a0<a href=\"https:\/\/www.blipvert.es\/es\/\">Blipvert Recologics<\/a><\/p>\n","protected":false},"excerpt":{"rendered":"<p>Las\u00a0compactadoras de latas ya est\u00e1n instaladas en diferentes playas del litoral de Cartagena para ofrecer un recurso m\u00e1s sencillo a aquellas personas que quieran reciclar y cuidar el entorno. Se trata de una iniciativa de [&hellip;]<\/p>\n","protected":false},"author":3,"featured_media":7664,"comment_status":"closed","ping_status":"closed","sticky":false,"template":"","format":"standard","meta":[],"categories":[74],"tags":[],"_links":{"self":[{"href":"https:\/\/www.blipvert.es\/es\/wp-json\/wp\/v2\/posts\/7641"}],"collection":[{"href":"https:\/\/www.blipvert.es\/es\/wp-json\/wp\/v2\/posts"}],"about":[{"href":"https:\/\/www.blipvert.es\/es\/wp-json\/wp\/v2\/types\/post"}],"author":[{"embeddable":true,"href":"https:\/\/www.blipvert.es\/es\/wp-json\/wp\/v2\/users\/3"}],"replies":[{"embeddable":true,"href":"https:\/\/www.blipvert.es\/es\/wp-json\/wp\/v2\/comments?post=7641"}],"version-history":[{"count":7,"href":"https:\/\/www.blipvert.es\/es\/wp-json\/wp\/v2\/posts\/7641\/revisions"}],"predecessor-version":[{"id":7689,"href":"https:\/\/www.blipvert.es\/es\/wp-json\/wp\/v2\/posts\/7641\/revisions\/7689"}],"wp:featuredmedia":[{"embeddable":true,"href":"https:\/\/www.blipvert.es\/es\/wp-json\/wp\/v2\/media\/7664"}],"wp:attachment":[{"href":"https:\/\/www.blipvert.es\/es\/wp-json\/wp\/v2\/media?parent=7641"}],"wp:term":[{"taxonomy":"category","embeddable":true,"href":"https:\/\/www.blipvert.es\/es\/wp-json\/wp\/v2\/categories?post=7641"},{"taxonomy":"post_tag","embeddable":true,"href":"https:\/\/www.blipvert.es\/es\/wp-json\/wp\/v2\/tags?post=7641"}],"curies":[{"name":"wp","href":"https:\/\/api.w.org\/{rel}","templated":true}]}}