{"id":831,"date":"2014-03-27T23:36:09","date_gmt":"2014-03-27T21:36:09","guid":{"rendered":"https:\/\/www.blipvert.es\/?p=831"},"modified":"2020-01-23T18:22:31","modified_gmt":"2020-01-23T16:22:31","slug":"5-noves-minideixalleries-a-vic-barcelona-acosten-la-recollida-selectiva-a-la-ciutadania","status":"publish","type":"post","link":"https:\/\/www.blipvert.es\/es\/5-noves-minideixalleries-a-vic-barcelona-acosten-la-recollida-selectiva-a-la-ciutadania\/","title":{"rendered":"5 Noves minideixalleries a Vic (Barcelona) acosten la recollida selectiva a la ciutadania"},"content":{"rendered":"<h1><img class=\"alignnone size-medium wp-image-833\" src=\"https:\/\/www.blipvert.es\/wp-content\/uploads\/0850001B-300x225.jpg\" alt=\"\" width=\"300\" height=\"225\" srcset=\"https:\/\/www.blipvert.es\/wp-content\/uploads\/0850001B-300x225.jpg 300w, https:\/\/www.blipvert.es\/wp-content\/uploads\/0850001B-150x113.jpg 150w, https:\/\/www.blipvert.es\/wp-content\/uploads\/0850001B-768x576.jpg 768w, https:\/\/www.blipvert.es\/wp-content\/uploads\/0850001B.jpg 800w\" sizes=\"(max-width: 300px) 100vw, 300px\" \/> <img class=\"alignnone size-medium wp-image-834\" src=\"https:\/\/www.blipvert.es\/wp-content\/uploads\/0850001A-300x225.jpg\" alt=\"\" width=\"300\" height=\"225\" srcset=\"https:\/\/www.blipvert.es\/wp-content\/uploads\/0850001A-300x225.jpg 300w, https:\/\/www.blipvert.es\/wp-content\/uploads\/0850001A-150x113.jpg 150w, https:\/\/www.blipvert.es\/wp-content\/uploads\/0850001A-768x576.jpg 768w, https:\/\/www.blipvert.es\/wp-content\/uploads\/0850001A.jpg 800w\" sizes=\"(max-width: 300px) 100vw, 300px\" \/><\/h1>\n<p><span style=\"font-weight: inherit; font-style: inherit;\">Les minideixalleries s\u00f3n panells que permeten dipositar petits residus especials d&#8217;origen dom\u00e8stic com piles, bateries, bombetes, cartutxos d&#8217;impressora, CDs, DVDs i petits aparells electr\u00f2nics (m\u00f2bils, calculadores,&#8230;)<\/span><\/p>\n<ul>\n<li style=\"font-weight: inherit; font-style: inherit;\">Les minideixalleries son uns panells que porten incorporades diverses b\u00fasties per dipositar-hi petits residus d\u2019\u00fas dom\u00e8stics.\u00a0<span style=\"font-weight: inherit; font-style: inherit;\">Al seu interior disposen de 7 dip\u00f2sits separats que permeten emmagatzemar els residus sense que es barregin.\u00a0<\/span><span style=\"font-weight: inherit; font-style: inherit;\">Aquestes<\/span><span style=\"font-weight: inherit; font-style: inherit;\"> minideixalleries donen suport al servei de deixalleria fixa i m\u00f2bil de la ciutat, i permeten acostar la recollida selectiva de petits residus especials a la ciutadania, per facilitar una correcta separaci\u00f3 dels materials.<\/span><\/li>\n<li style=\"font-weight: inherit; font-style: inherit;\"><span style=\"font-weight: inherit; font-style: inherit;\"><span style=\"font-weight: inherit;\"> \u00a0 \u00a0 \u00a0 \u00a0<\/span><\/span><span style=\"font-weight: inherit; font-style: inherit;\">Es podran dipositar:<\/span><\/li>\n<\/ul>\n<ul style=\"font-weight: inherit; font-style: inherit;\">\n<li style=\"font-weight: inherit; font-style: inherit;\"><span style=\"font-weight: inherit; font-style: inherit;\">Piles<\/span><\/li>\n<li style=\"font-weight: inherit; font-style: inherit;\"><span style=\"font-weight: inherit; font-style: inherit;\">CDs i DVDs<\/span><\/li>\n<li style=\"font-weight: inherit; font-style: inherit;\"><span style=\"font-weight: inherit; font-style: inherit;\">Cartutxos d\u2019impressora<\/span><\/li>\n<li style=\"font-weight: inherit; font-style: inherit;\"><span style=\"font-weight: inherit; font-style: inherit;\">Aparells el\u00e8ctrics i electr\u00f2nics de petits format (m\u00f2bils,\u2026)<\/span><\/li>\n<li style=\"font-weight: inherit; font-style: inherit;\"><span style=\"font-weight: inherit; font-style: inherit;\">Bombetes <\/span><\/li>\n<li style=\"font-weight: inherit; font-style: inherit;\"><span style=\"font-weight: inherit; font-style: inherit;\">Bateries de m\u00f2bil.<\/span><\/li>\n<\/ul>\n<ul>\n<li style=\"font-weight: inherit; font-style: inherit;\">De moment se n\u2019han instal\u00b7lat 5 com a prova pilot i en cas que el grau d\u2019utilitzaci\u00f3 sigui alt, es planteja instal\u00b7lar-se m\u00e9s en altres punts de la ciutat.<\/li>\n<li style=\"font-weight: inherit; font-style: inherit;\"><span style=\"font-weight: inherit; font-style: inherit;\"><span style=\"font-weight: inherit;\"> \u00a0 \u00a0 \u00a0 <\/span><\/span>Podem trobar-les a<\/li>\n<\/ul>\n<ul style=\"font-weight: inherit; font-style: inherit;\">\n<li style=\"font-weight: inherit; font-style: inherit;\">Rambla del Carme<\/li>\n<li style=\"font-weight: inherit; font-style: inherit;\">C\/ dels Morat\u00f3 (davant el mercat municipal)<\/li>\n<li style=\"font-weight: inherit; font-style: inherit;\">C\/ Historiador Raimon d\u2019Abadal (davant el Sucre)<\/li>\n<li style=\"font-weight: inherit; font-style: inherit;\">C\/ Francesc Pla el vigat\u00e0 (davant l\u2019Hospital General)<\/li>\n<li style=\"font-weight: inherit; font-style: inherit;\">Pla\u00e7a dels M\u00e0rtirs.<\/li>\n<\/ul>\n<p>Font: Ajuntament de Vic<\/p>\n<p><a href=\"http:\/\/www.vic.cat\/viure-a-vic\/medi-ambient\/noticies\/noves-minideixalleries-a-vic\">http:\/\/www.vic.cat\/viure-a-vic\/medi-ambient\/noticies\/noves-minideixalleries-a-vic<\/a><\/p>\n<p><a href=\"http:\/\/www.vic.cat\/bustia-ciutadana\/3905\">http:\/\/www.vic.cat\/bustia-ciutadana\/3905<\/a><\/p>\n<p><a href=\"https:\/\/www.naciodigital.cat\/osona\/noticia\/41175\/vic\/posa\/cinc\/mini\/deixalleries\/diversos\/carrers\/ciutat\">https:\/\/www.naciodigital.cat\/osona\/noticia\/41175\/vic\/posa\/cinc\/mini\/deixalleries\/diversos\/carrers\/ciutat<\/a><\/p>\n<p><a href=\"https:\/\/www.lavanguardia.com\/local\/osona\/20140410\/54405671224\/vic-instal-la-mini-deixalleries-als-carrers-per-dipositar-hi-petits-residus-d-us-domestic.html\">https:\/\/www.lavanguardia.com\/local\/osona\/20140410\/54405671224\/vic-instal-la-mini-deixalleries-als-carrers-per-dipositar-hi-petits-residus-d-us-domestic.html<\/a><\/p>\n<blockquote class=\"wp-embedded-content\" data-secret=\"htsQ5jjcrC\"><p><a href=\"https:\/\/www.elgarrotxi.cat\/mini-deixalleries-als-carrers-de-vic\/\">Mini deixalleries als carrers de Vic<\/a><\/p><\/blockquote>\n<p><iframe class=\"wp-embedded-content\" sandbox=\"allow-scripts\" security=\"restricted\" style=\"position: absolute; clip: rect(1px, 1px, 1px, 1px);\" src=\"https:\/\/www.elgarrotxi.cat\/mini-deixalleries-als-carrers-de-vic\/embed\/#?secret=htsQ5jjcrC\" data-secret=\"htsQ5jjcrC\" width=\"500\" height=\"282\" title=\"&#8220;Mini deixalleries als carrers de Vic&#8221; &#8212; elgarrotxi.cat -  Olot, Garrotxa, Girona\" frameborder=\"0\" marginwidth=\"0\" marginheight=\"0\" scrolling=\"no\"><\/iframe><\/p>\n<blockquote class=\"wp-embedded-content\" data-secret=\"l32Vp2llve\"><p><a href=\"https:\/\/tutries.vic.cat\/minideixalleries\/\">Minideixalleries<\/a><\/p><\/blockquote>\n<p><iframe class=\"wp-embedded-content\" sandbox=\"allow-scripts\" security=\"restricted\" style=\"position: absolute; clip: rect(1px, 1px, 1px, 1px);\" src=\"https:\/\/tutries.vic.cat\/minideixalleries\/embed\/#?secret=l32Vp2llve\" data-secret=\"l32Vp2llve\" width=\"500\" height=\"282\" title=\"&#8220;Minideixalleries&#8221; &#8212; Tu Tries - Ajuntament de Vic\" frameborder=\"0\" marginwidth=\"0\" marginheight=\"0\" scrolling=\"no\"><\/iframe><\/p>\n","protected":false},"excerpt":{"rendered":"<p>Les minideixalleries s\u00f3n panells que permeten dipositar petits residus especials d&#8217;origen dom\u00e8stic com piles, bateries, bombetes, cartutxos d&#8217;impressora, CDs, DVDs i petits aparells electr\u00f2nics (m\u00f2bils, calculadores,&#8230;) Les minideixalleries son uns panells que porten incorporades diverses [&hellip;]<\/p>\n","protected":false},"author":3,"featured_media":833,"comment_status":"closed","ping_status":"closed","sticky":false,"template":"","format":"standard","meta":[],"categories":[31],"tags":[],"_links":{"self":[{"href":"https:\/\/www.blipvert.es\/es\/wp-json\/wp\/v2\/posts\/831"}],"collection":[{"href":"https:\/\/www.blipvert.es\/es\/wp-json\/wp\/v2\/posts"}],"about":[{"href":"https:\/\/www.blipvert.es\/es\/wp-json\/wp\/v2\/types\/post"}],"author":[{"embeddable":true,"href":"https:\/\/www.blipvert.es\/es\/wp-json\/wp\/v2\/users\/3"}],"replies":[{"embeddable":true,"href":"https:\/\/www.blipvert.es\/es\/wp-json\/wp\/v2\/comments?post=831"}],"version-history":[{"count":6,"href":"https:\/\/www.blipvert.es\/es\/wp-json\/wp\/v2\/posts\/831\/revisions"}],"predecessor-version":[{"id":839,"href":"https:\/\/www.blipvert.es\/es\/wp-json\/wp\/v2\/posts\/831\/revisions\/839"}],"wp:featuredmedia":[{"embeddable":true,"href":"https:\/\/www.blipvert.es\/es\/wp-json\/wp\/v2\/media\/833"}],"wp:attachment":[{"href":"https:\/\/www.blipvert.es\/es\/wp-json\/wp\/v2\/media?parent=831"}],"wp:term":[{"taxonomy":"category","embeddable":true,"href":"https:\/\/www.blipvert.es\/es\/wp-json\/wp\/v2\/categories?post=831"},{"taxonomy":"post_tag","embeddable":true,"href":"https:\/\/www.blipvert.es\/es\/wp-json\/wp\/v2\/tags?post=831"}],"curies":[{"name":"wp","href":"https:\/\/api.w.org\/{rel}","templated":true}]}}