{"id":8861,"date":"2016-03-25T19:06:59","date_gmt":"2016-03-25T17:06:59","guid":{"rendered":"https:\/\/www.blipvert.es\/?p=8861"},"modified":"2020-12-17T19:15:46","modified_gmt":"2020-12-17T17:15:46","slug":"instalado-en-muxia-a-coruna-un-nuevo-mini-punto-limpio-para-pilas-bombillas-y-otros-objetos","status":"publish","type":"post","link":"https:\/\/www.blipvert.es\/es\/instalado-en-muxia-a-coruna-un-nuevo-mini-punto-limpio-para-pilas-bombillas-y-otros-objetos\/","title":{"rendered":"INSTALADO EN MUX\u00cdA (A CORU\u00d1A) UN NUEVO MINI PUNTO LIMPIO PARA PILAS, BOMBILLAS Y OTROS OBJETOS"},"content":{"rendered":"<p style=\"text-align: center;\">El objetivo municipal es mejorar la recogida selectiva y minimizar la contaminaci\u00f3n.<\/p>\n<div class=\"intro\" style=\"text-align: center;\" data-id=\"intro\">\n<figure class=\" media hor hor \"><a href=\"https:\/\/www.lavozdegalicia.es\/noticia\/carballo\/muxia\/2016\/03\/25\/instalado-muxia-nuevo-mini-punto-limpio-cedes-moviles-objetos\/0003_201603C25C8993.htm#\"><span class=\"embed-responsive embed-responsive-16by9\"><picture><source srcset=\"https:\/\/cflvdg.avoz.es\/sc\/1zyOMkPYuoMD-_r3fMKZWqWfmio=\/450x\/2016\/03\/24\/00121458851342779571865\/Foto\/.jpg\" type=\"image\/webp\" media=\"(max-width: 480px)\" \/><source srcset=\"https:\/\/cflvdg.avoz.es\/sc\/1zyOMkPYuoMD-_r3fMKZWqWfmio=\/450x\/2016\/03\/24\/00121458851342779571865\/Foto\/.jpg\" media=\"(max-width: 480px)\" \/><img class=\" embed-responsive-item\" src=\"https:\/\/cflvdg.avoz.es\/sc\/M0MY_Xi4gKMM075EmNXN-2la8bA=\/x\/2016\/03\/24\/00121458851342779571865\/Foto\/.jpg\" alt=\"\" width=\"990px\" height=\"556px\" data-sizes=\"auto\" data-srcset=\"https:\/\/cflvdg.avoz.es\/sc\/1zyOMkPYuoMD-_r3fMKZWqWfmio=\/450x\/2016\/03\/24\/00121458851342779571865\/Foto\/.jpg 480w, https:\/\/cflvdg.avoz.es\/sc\/lco3Wewozq4jbs-3-3OibIsn2Dg=\/600x\/2016\/03\/24\/00121458851342779571865\/Foto\/.jpg 600w, https:\/\/cflvdg.avoz.es\/sc\/0wFFf_mAvbpqju3mCRndkcWWTFw=\/900x\/2016\/03\/24\/00121458851342779571865\/Foto\/.jpg 900w\" \/><\/picture><\/span><\/a><figcaption><span data-deleg=\"\" data-name=\"\">Fotograf\u00eda de\u00a0<a href=\"https:\/\/www.instagram.com\/xesus_bua\/\">XES\u00daS B\u00daA<\/a>\u00a0 publicada en La Voz de Galicia<\/p>\n<p><\/span><\/figcaption><\/figure>\n<\/div>\n<div class=\"text \">\n<div class=\"data\">\n<div>\n<div><a href=\"https:\/\/www.lavozdegalicia.es\/noticia\/carballo\/muxia\/2016\/03\/25\/instalado-muxia-nuevo-mini-punto-limpio-cedes-moviles-objetos\/0003_201603C25C8993.htm\"><time datetime=\"2016-03-25T05:00:00CEST\">La Voz de Galicia, 25\/03\/2016 05:00 H<\/time><\/a><\/div>\n<\/div>\n<\/div>\n<p>El Concello de Mux\u00eda dispone ya de un nuevo mini punto limpio, instalado en le coraz\u00f3n del pueblo, frente al paseo mar\u00edtimo, que facilitar\u00e1 la tarea de los vecinos a la hora de reciclar peque\u00f1os enseres de uso diario, que resultan especialmente contaminantes, como el caso de las bater\u00edas usadas, los tel\u00e9fonos m\u00f3viles, bombillas&#8230; El objetivo municipal es mejorar la recogida selectiva y, en \u00faltimo t\u00e9rmino, minimizar la contaminaci\u00f3n.<\/p>\n<\/div>\n","protected":false},"excerpt":{"rendered":"<p>El objetivo municipal es mejorar la recogida selectiva y minimizar la contaminaci\u00f3n. Fotograf\u00eda de\u00a0XES\u00daS B\u00daA\u00a0 publicada en La Voz de Galicia La Voz de Galicia, 25\/03\/2016 05:00 H El Concello de Mux\u00eda dispone ya de [&hellip;]<\/p>\n","protected":false},"author":3,"featured_media":8863,"comment_status":"closed","ping_status":"closed","sticky":false,"template":"","format":"standard","meta":[],"categories":[61],"tags":[],"_links":{"self":[{"href":"https:\/\/www.blipvert.es\/es\/wp-json\/wp\/v2\/posts\/8861"}],"collection":[{"href":"https:\/\/www.blipvert.es\/es\/wp-json\/wp\/v2\/posts"}],"about":[{"href":"https:\/\/www.blipvert.es\/es\/wp-json\/wp\/v2\/types\/post"}],"author":[{"embeddable":true,"href":"https:\/\/www.blipvert.es\/es\/wp-json\/wp\/v2\/users\/3"}],"replies":[{"embeddable":true,"href":"https:\/\/www.blipvert.es\/es\/wp-json\/wp\/v2\/comments?post=8861"}],"version-history":[{"count":4,"href":"https:\/\/www.blipvert.es\/es\/wp-json\/wp\/v2\/posts\/8861\/revisions"}],"predecessor-version":[{"id":8869,"href":"https:\/\/www.blipvert.es\/es\/wp-json\/wp\/v2\/posts\/8861\/revisions\/8869"}],"wp:featuredmedia":[{"embeddable":true,"href":"https:\/\/www.blipvert.es\/es\/wp-json\/wp\/v2\/media\/8863"}],"wp:attachment":[{"href":"https:\/\/www.blipvert.es\/es\/wp-json\/wp\/v2\/media?parent=8861"}],"wp:term":[{"taxonomy":"category","embeddable":true,"href":"https:\/\/www.blipvert.es\/es\/wp-json\/wp\/v2\/categories?post=8861"},{"taxonomy":"post_tag","embeddable":true,"href":"https:\/\/www.blipvert.es\/es\/wp-json\/wp\/v2\/tags?post=8861"}],"curies":[{"name":"wp","href":"https:\/\/api.w.org\/{rel}","templated":true}]}}